{"id":1297,"date":"2018-10-28T21:43:04","date_gmt":"2018-10-28T21:43:04","guid":{"rendered":"https:\/\/restaurantes-valencia.com\/non-categorizzato\/piero-viajero\/"},"modified":"2023-02-15T08:45:12","modified_gmt":"2023-02-15T07:45:12","slug":"piero-viajero","status":"publish","type":"post","link":"https:\/\/restaurantes-valencia.com\/it\/piero-viajero\/","title":{"rendered":"Chi \u00e8 Piero Viajero?"},"content":{"rendered":"\n<p>\u201cPiero Viajero\u201d \u00e8 un personaggio fantasioso, irreale, protagonista del primo fumetto che spiega la festa Las Fallas di Valencia, ed in grado di far ben comprendere la festa nella sua complessit\u00e0, descrivendo l\u2019insieme di atti ufficiali che la compongono e raccontando la storia e la tradizione che le appartiene.<\/p>\n\n<p>Si \u00e8 deciso di utilizzare questo personaggio come metodo di comunicazione tra i clienti e le gestioni dei ristoranti che appartengono alla selezione che offriamo come buonissime opzioni all\u2019interno dell\u2019offerta gastronomica della citt\u00e0 di Valencia.<\/p>\n\n<p>Infatti non dimenticate di dire, nel momento della prenotazione di un tavolo o al momento dell\u2019accoglienza, di essere stati consigliati dal nostro ambasciatore gastronomico:<\/p>\n\n<h3 class=\"wp-block-heading\">\u201cCi manda Piero Viajero\u201d<br\/>o<br\/>\u201cCi ha raccomandato Piero Viajero\u201d<\/h3>\n\n<p>vi garantir\u00e0 un occhio di riguardo in pi\u00f9 nella vostra esperienza nel locale!<\/p>\n\n<p>Per conoscere meglio il personaggio \u201cPiero Viajero\u201d e il progetto che rappresenta, consigliamo la simpatica lettura \u201c<a href=\"https:\/\/pieroviajero.com\/la-curiosa-entrevista-a-piero-viajero\/\" target=\"_blank\" rel=\"noopener noreferrer\">La curiosa intervista a Piero Viajero<\/a>\u201d dove, lui stesso, si descrive e racconta i punti fondamentali dell\u2019iniziativa etica di cui fa parte, attenta alle esigenze sociali y impegnata nella promozione turistica locale.<\/p>\n\n<p>Nella pagina dell\u2019intervista \u00e8 possibile trovare i luoghi dov\u2019\u00e8 possibile conseguire il fumetto e cos\u00ec poter comprendere a pieno la festa Las Fallas di Valencia, che ricordiamo \u00e8 stata riconosciuta da parte dell\u2019UNESCO come \u201cbene culturale immateriale dell\u2019umanit\u00e0\u201d.<\/p>\n","protected":false},"excerpt":{"rendered":"<p>\u201cPiero Viajero\u201d \u00e8 il protagonista del primo fumetto che spiega la festa Las Fallas di Valencia. Personaggio che funge da intermediario tra i clienti ed i ristoranti che appartengono alla nostra selezione.<\/p>\n","protected":false},"author":1,"featured_media":1455,"comment_status":"closed","ping_status":"closed","sticky":false,"template":"","format":"standard","meta":{"footnotes":""},"categories":[43],"tags":[],"class_list":["post-1297","post","type-post","status-publish","format-standard","has-post-thumbnail","hentry","category-gastronomico-diario"],"_links":{"self":[{"href":"https:\/\/restaurantes-valencia.com\/it\/wp-json\/wp\/v2\/posts\/1297","targetHints":{"allow":["GET"]}}],"collection":[{"href":"https:\/\/restaurantes-valencia.com\/it\/wp-json\/wp\/v2\/posts"}],"about":[{"href":"https:\/\/restaurantes-valencia.com\/it\/wp-json\/wp\/v2\/types\/post"}],"author":[{"embeddable":true,"href":"https:\/\/restaurantes-valencia.com\/it\/wp-json\/wp\/v2\/users\/1"}],"replies":[{"embeddable":true,"href":"https:\/\/restaurantes-valencia.com\/it\/wp-json\/wp\/v2\/comments?post=1297"}],"version-history":[{"count":4,"href":"https:\/\/restaurantes-valencia.com\/it\/wp-json\/wp\/v2\/posts\/1297\/revisions"}],"predecessor-version":[{"id":6773,"href":"https:\/\/restaurantes-valencia.com\/it\/wp-json\/wp\/v2\/posts\/1297\/revisions\/6773"}],"wp:featuredmedia":[{"embeddable":true,"href":"https:\/\/restaurantes-valencia.com\/it\/wp-json\/wp\/v2\/media\/1455"}],"wp:attachment":[{"href":"https:\/\/restaurantes-valencia.com\/it\/wp-json\/wp\/v2\/media?parent=1297"}],"wp:term":[{"taxonomy":"category","embeddable":true,"href":"https:\/\/restaurantes-valencia.com\/it\/wp-json\/wp\/v2\/categories?post=1297"},{"taxonomy":"post_tag","embeddable":true,"href":"https:\/\/restaurantes-valencia.com\/it\/wp-json\/wp\/v2\/tags?post=1297"}],"curies":[{"name":"wp","href":"https:\/\/api.w.org\/{rel}","templated":true}]}}